{"id":1666,"date":"2022-06-28T22:02:06","date_gmt":"2022-06-28T20:02:06","guid":{"rendered":"https:\/\/aislovakia.com\/?p=1666"},"modified":"2022-06-28T22:02:08","modified_gmt":"2022-06-28T20:02:08","slug":"buducnost-ai-na-slovensku","status":"publish","type":"post","link":"https:\/\/aislovakia.com\/en\/buducnost-ai-na-slovensku\/","title":{"rendered":"Bud\u00facnos\u0165 AI na Slovensku"},"content":{"rendered":"<p>Vedenie dial\u00f3gu o umelej inteligenci\u00ed je jednou z misi\u00ed zdru\u017eenia Centra pre umel\u00fa inteligenciu \u2013 AislovakIA. V s\u00falade s t\u00fdmto z\u00e1merom sa tak uskuto\u010dnilo d\u0148a 14.6.2022 diskusn\u00e9 stretnutie na t\u00e9mu: Bud\u00facnos\u0165 AI na Slovensku: Strategick\u00e9 dokumenty, iniciat\u00edvy a invest\u00edcie pre umel\u00fa inteligenciu (AI) v priestoroch Fakulty informatiky a informa\u010dn\u00fdch technol\u00f3gi\u00ed v Bratislave. Hos\u0165ami diskusie boli z\u00e1stupcovia verejn\u00fdch in\u0161tit\u00faci\u00ed, ktor\u00e9 v r\u00e1mci svojich pl\u00e1nov, iniciat\u00edv a strat\u00e9gi\u00ed m\u00f4\u017eu ovplyvni\u0165 \u010fal\u0161\u00ed v\u00fdvoj AI na Slovensku.<\/p>\n\n\n\n<p>\u0160t\u00e1tny sektor reprezentovali Tom\u00e1\u0161 Jucha a Michal \u010c\u00ed\u017e za Ministerstvo invest\u00edci\u00ed, region\u00e1lneho rozvoja a informatiz\u00e1cie SR, Katar\u00edna Kov\u00e1\u010dikov\u00e1 za Ministerstvo zdravotn\u00edctva SR, Vladim\u00edr Tanistr\u00e1k za Ministerstvo hospod\u00e1rstva SR, Peter Ondrei\u010dka za Ministerstvo \u0161kolstva, vedy, v\u00fdskumu a \u0161portu SR a Daniel Straka za \u00darad vl\u00e1dy.<\/p>\n\n\n\n<p>Diskusiu moderoval predseda AIslovakIA zdru\u017eenia Gabriel Galg\u00f3ci, ktor\u00fd z\u00e1rove\u0148 p\u00f4sob\u00ed na ved\u00facich poz\u00edci\u00e1ch v Americkej obchodnej komore ako aj v nadn\u00e1rodnej spolo\u010dnosti AT&amp;T. Za podnikate\u013esk\u00fd sektor ho dop\u013a\u0148al Emil Fito\u0161 z IT Asoci\u00e1cie Slovenska.<\/p>\n\n\n\n<p>Panelov\u00e1 diskusia bola rozdelen\u00e1 do \u0161tyroch okruhov, v ktor\u00fdch re\u010dn\u00edci zodpovedali otvoren\u00e9 ot\u00e1zky na t\u00e9my: potreby v\u00fdskumu, v\u00fdvoja a zav\u00e1dzania AI a ostatn\u00fdch inovat\u00edvnych technol\u00f3gi\u00ed v SR, strategick\u00e9 iniciat\u00edvy a opatrenia, zdroje a mo\u017enosti financovania do oblast\u00ed AI v najbli\u017e\u0161om obdob\u00ed, pl\u00e1novan\u00e9 alebo pripravovan\u00e9 opatrenia a v\u00fdzvy pre oblas\u0165 AI a ostatn\u00fdch inovat\u00edvnych technol\u00f3gi\u00ed v SR.<\/p>\n\n\n\n<p>Z diskusie vyplynuli nanajv\u00fd\u0161 zauj\u00edmav\u00e9 mo\u017en\u00e9 pl\u00e1ny a n\u00e1vrhy Ministerstva \u0161kolstva, vedy, v\u00fdskumu a \u0161portu SR, podpori\u0165 z\u00e1ujem o \u0161t\u00fadium AI napr. motiva\u010dn\u00fdmi \u0161tipendiami. Ministerstvo zdravotn\u00edctva SR uviedlo, \u017ee vidia pr\u00edle\u017eitos\u0165 na vynovenie administrat\u00edvy u\u202flek\u00e1rov, ak by sa do lek\u00e1rstva zapojila AI, \u010di u\u017e v podobe n\u00e1strojov alebo syst\u00e9mov. Lek\u00e1ri by sa u\u017e v\u00f4bec vo v\u00fdznamnej miere nemuseli venova\u0165 administrat\u00edvnej pr\u00e1ci, \u010do by u\u0161etrilo \u010das, nielen im ale aj pacientom. Ministerstvo invest\u00edci\u00ed, region\u00e1lneho rozvoja a informatiz\u00e1cie SR predstavilo svoj Ak\u010dn\u00fd pl\u00e1n na roky 2023-2026, v ktorom m\u00e1 by\u0165 jednou z hlavn\u00fdch kapitol pr\u00e1ve umel\u00e1 inteligencia. Ak\u010dn\u00fd pl\u00e1n napom\u00f4\u017ee k rozvoju a podpore umelej inteligencie v r\u00f4znych oblastiach ak\u00fdmi s\u00fa: vzdel\u00e1vanie, podpora prep\u00e1jania akademick\u00e9ho sektora s podnikate\u013esk\u00fdm sektorom, podpora aplikovan\u00e9ho v\u00fdskumu, budovanie kapac\u00edt, projektov a tvorby inov\u00e1ci\u00ed.<\/p>\n\n\n\n<p>Akt\u00edvnu diskusiu zakon\u010dil diskusn\u00fd bod obsahovo zameran\u00fd na zodpovedanie ot\u00e1zky ako zv\u00fdhodni\u0165 vo v\u00fdzvach tak\u00e9 rie\u0161enia, ktor\u00e9 bud\u00fa ma\u0165 v sebe prvky AI alebo aspo\u0148 bud\u00fa v s\u00falade s RIS3 \u201c. V tomto bode bolo vyzdvihnut\u00e9, \u017ee umel\u00e1 inteligencia si vie n\u00e1js\u0165 uplatnenie takisto aj v\u202fpo\u013enohospod\u00e1rstve, hovor\u00ed sa o\u202fRIS3 syst\u00e9me, ktor\u00fd bude podporova\u0165 ekosyst\u00e9m pre v\u00fdskum inov\u00e1ci\u00ed a\u202fzameriava\u0165 sa na oblasti, ktor\u00e9 bud\u00fa predstavova\u0165 potenci\u00e1l predov\u0161etk\u00fdm pre Slovensko.<\/p>\n\n\n\n<p>Je nevyhnutn\u00e9 zaobera\u0165 sa fenom\u00e9nom umelej inteligencie a vytvori\u0165 ekosyst\u00e9m, v ktorom m\u00f4\u017eeme podpori\u0165 nielen rozvoj a vyu\u017e\u00edvanie tejto r\u00fdchlo sa rozv\u00edjaj\u00facej technol\u00f3gie ako i zabezpe\u010di\u0165 jej d\u00f4veryhodnos\u0165, kumulat\u00edvnym naplnen\u00edm troch esenci\u00e1lnych zlo\u017eiek, ktor\u00fdmi s\u00fa z\u00e1konnos\u0165, etickos\u0165 a odolnos\u0165.<\/p>\n\n\n\n<div class=\"is-layout-flow wp-block-group\"><div class=\"wp-block-group__inner-container\">\n<figure class=\"is-layout-flex wp-block-gallery-1 wp-block-gallery has-nested-images columns-default is-cropped\">\n<figure class=\"wp-block-image size-large\"><img fetchpriority=\"high\" decoding=\"async\" width=\"707\" height=\"577\" src=\"https:\/\/aislovakia.com\/wp-content\/uploads\/2022\/06\/pracovne_ranajky.jpg\" alt=\"\" class=\"wp-image-1670\" srcset=\"https:\/\/aislovakia.com\/wp-content\/uploads\/2022\/06\/pracovne_ranajky.jpg 707w, https:\/\/aislovakia.com\/wp-content\/uploads\/2022\/06\/pracovne_ranajky-300x245.jpg 300w, https:\/\/aislovakia.com\/wp-content\/uploads\/2022\/06\/pracovne_ranajky-15x12.jpg 15w\" sizes=\"(max-width: 707px) 100vw, 707px\" \/><\/figure>\n\n\n\n<figure class=\"wp-block-image size-large\"><img decoding=\"async\" width=\"1024\" height=\"768\" src=\"https:\/\/aislovakia.com\/wp-content\/uploads\/2022\/06\/WhatsApp-Image-2022-06-21-at-18.57.45-1-1024x768.jpeg\" alt=\"\" class=\"wp-image-1669\" srcset=\"https:\/\/aislovakia.com\/wp-content\/uploads\/2022\/06\/WhatsApp-Image-2022-06-21-at-18.57.45-1-1024x768.jpeg 1024w, https:\/\/aislovakia.com\/wp-content\/uploads\/2022\/06\/WhatsApp-Image-2022-06-21-at-18.57.45-1-300x225.jpeg 300w, https:\/\/aislovakia.com\/wp-content\/uploads\/2022\/06\/WhatsApp-Image-2022-06-21-at-18.57.45-1-768x576.jpeg 768w, https:\/\/aislovakia.com\/wp-content\/uploads\/2022\/06\/WhatsApp-Image-2022-06-21-at-18.57.45-1-1536x1152.jpeg 1536w, https:\/\/aislovakia.com\/wp-content\/uploads\/2022\/06\/WhatsApp-Image-2022-06-21-at-18.57.45-1-16x12.jpeg 16w, https:\/\/aislovakia.com\/wp-content\/uploads\/2022\/06\/WhatsApp-Image-2022-06-21-at-18.57.45-1.jpeg 2000w\" sizes=\"(max-width: 1024px) 100vw, 1024px\" \/><\/figure>\n<\/figure>\n<\/div><\/div>","protected":false},"excerpt":{"rendered":"<p>Vedenie dial\u00f3gu o umelej inteligenci\u00ed je jednou z misi\u00ed zdru\u017eenia Centra pre umel\u00fa inteligenciu \u2013 AislovakIA. V s\u00falade s t\u00fdmto z\u00e1merom sa tak uskuto\u010dnilo d\u0148a 14.6.2022 diskusn\u00e9 stretnutie na t\u00e9mu: Bud\u00facnos\u0165 AI na Slovensku: Strategick\u00e9 dokumenty, iniciat\u00edvy a invest\u00edcie pre umel\u00fa inteligenciu (AI) v priestoroch Fakulty informatiky a informa\u010dn\u00fdch technol\u00f3gi\u00ed v Bratislave. Hos\u0165ami diskusie boli [&hellip;]<\/p>","protected":false},"author":4,"featured_media":1667,"comment_status":"closed","ping_status":"open","sticky":false,"template":"","format":"standard","meta":{"_monsterinsights_skip_tracking":false,"_monsterinsights_sitenote_active":false,"_monsterinsights_sitenote_note":"","_monsterinsights_sitenote_category":0},"categories":[1],"tags":[],"_links":{"self":[{"href":"https:\/\/aislovakia.com\/en\/wp-json\/wp\/v2\/posts\/1666"}],"collection":[{"href":"https:\/\/aislovakia.com\/en\/wp-json\/wp\/v2\/posts"}],"about":[{"href":"https:\/\/aislovakia.com\/en\/wp-json\/wp\/v2\/types\/post"}],"author":[{"embeddable":true,"href":"https:\/\/aislovakia.com\/en\/wp-json\/wp\/v2\/users\/4"}],"replies":[{"embeddable":true,"href":"https:\/\/aislovakia.com\/en\/wp-json\/wp\/v2\/comments?post=1666"}],"version-history":[{"count":1,"href":"https:\/\/aislovakia.com\/en\/wp-json\/wp\/v2\/posts\/1666\/revisions"}],"predecessor-version":[{"id":1671,"href":"https:\/\/aislovakia.com\/en\/wp-json\/wp\/v2\/posts\/1666\/revisions\/1671"}],"wp:featuredmedia":[{"embeddable":true,"href":"https:\/\/aislovakia.com\/en\/wp-json\/wp\/v2\/media\/1667"}],"wp:attachment":[{"href":"https:\/\/aislovakia.com\/en\/wp-json\/wp\/v2\/media?parent=1666"}],"wp:term":[{"taxonomy":"category","embeddable":true,"href":"https:\/\/aislovakia.com\/en\/wp-json\/wp\/v2\/categories?post=1666"},{"taxonomy":"post_tag","embeddable":true,"href":"https:\/\/aislovakia.com\/en\/wp-json\/wp\/v2\/tags?post=1666"}],"curies":[{"name":"wp","href":"https:\/\/api.w.org\/{rel}","templated":true}]}}